{"id":715,"date":"2013-04-29T09:10:53","date_gmt":"2013-04-29T08:10:53","guid":{"rendered":"http:\/\/redlight-pc.de\/cms\/?p=715"},"modified":"2013-04-29T09:10:53","modified_gmt":"2013-04-29T08:10:53","slug":"plakate-fur-das-biesfelder-schutzenfest-2013","status":"publish","type":"post","link":"https:\/\/redlight-pc.de\/cms\/plakate-fur-das-biesfelder-schutzenfest-2013\/","title":{"rendered":"Plakate f\u00fcr das Biesfelder Sch\u00fctzenfest 2013"},"content":{"rendered":"<p>In diesem Jahr geht der St. Sebastianus Sch\u00fctzenverein aus Biesfeld neue Wege: Freitags Abends gibt es die &#8222;Open Air Chart Party&#8220;, die Playback-Show am Samstag Abend der vergangenen Jahre weicht der &#8222;H\u00fctten Gaudi&#8220;, einer Feier im bayrischen Flair mit Blasmusik, Weissbier und guter Laune. Als Highlight gibt es zus\u00e4tzlich noch die Wahl zur &#8222;Miss Dirndl&#8220; &#8211; Spa\u00df und Stimmung sind somit vorprogrammiert.<\/p>\n<p>Um die Neuerungen des Sch\u00fctzenfestes 2013 ansprechend und modern zu bewerben, wird auch die Werbung f\u00fcr das Fest in Form von Plakaten und Bannern moderner und auffallender gestaltet: hier haben wir die Grafik- und Layoutarbeiten der Plakate (A2) und XXL-Banner (3 Meter x 1 Meter) realisiert. Eine \u00dcbersicht der entstandenen Plakate k\u00f6nnen Sie sich mit einem Klick auf die Bilder ansehen.<\/p>\n<p>Wir bedanken uns f\u00fcr die gute Zusammenarbeit mit dem Biesfelder Sch\u00fctzenverein und freuen uns auf ein erfolgreiches Sch\u00fctzenfest 2013!<\/p>\n\n\t\t<style type=\"text\/css\">\n\t\t\t#gallery-1 {\n\t\t\t\tmargin: auto;\n\t\t\t}\n\t\t\t#gallery-1 .gallery-item {\n\t\t\t\tfloat: left;\n\t\t\t\tmargin-top: 10px;\n\t\t\t\ttext-align: center;\n\t\t\t\twidth: 25%;\n\t\t\t}\n\t\t\t#gallery-1 img {\n\t\t\t\tborder: 2px solid #cfcfcf;\n\t\t\t}\n\t\t\t#gallery-1 .gallery-caption {\n\t\t\t\tmargin-left: 0;\n\t\t\t}\n\t\t\t\/* see gallery_shortcode() in wp-includes\/media.php *\/\n\t\t<\/style>\n\t\t<div id='gallery-1' class='gallery galleryid-715 gallery-columns-4 gallery-size-thumbnail'><dl class='gallery-item'>\n\t\t\t<dt class='gallery-icon landscape'>\n\t\t\t\t<a href='https:\/\/redlight-pc.de\/cms\/wp-content\/uploads\/2013\/04\/Banner_Chart_Party.jpg'><img loading=\"lazy\" decoding=\"async\" width=\"80\" height=\"80\" src=\"https:\/\/redlight-pc.de\/cms\/wp-content\/uploads\/2013\/04\/Banner_Chart_Party-150x150.jpg\" class=\"attachment-thumbnail size-thumbnail\" alt=\"Banner Chart Party\" aria-describedby=\"gallery-1-717\" srcset=\"https:\/\/redlight-pc.de\/cms\/wp-content\/uploads\/2013\/04\/Banner_Chart_Party-150x150.jpg 150w, https:\/\/redlight-pc.de\/cms\/wp-content\/uploads\/2013\/04\/Banner_Chart_Party-45x45.jpg 45w, https:\/\/redlight-pc.de\/cms\/wp-content\/uploads\/2013\/04\/Banner_Chart_Party-100x100.jpg 100w\" sizes=\"(max-width: 80px) 100vw, 80px\" \/><\/a>\n\t\t\t<\/dt>\n\t\t\t\t<dd class='wp-caption-text gallery-caption' id='gallery-1-717'>\n\t\t\t\tBanner Chart Party\n\t\t\t\t<\/dd><\/dl><dl class='gallery-item'>\n\t\t\t<dt class='gallery-icon portrait'>\n\t\t\t\t<a href='https:\/\/redlight-pc.de\/cms\/wp-content\/uploads\/2013\/04\/Plakat_Chart_Party.jpg'><img loading=\"lazy\" decoding=\"async\" width=\"80\" height=\"80\" src=\"https:\/\/redlight-pc.de\/cms\/wp-content\/uploads\/2013\/04\/Plakat_Chart_Party-150x150.jpg\" class=\"attachment-thumbnail size-thumbnail\" alt=\"Plakat Chart Party\" aria-describedby=\"gallery-1-718\" srcset=\"https:\/\/redlight-pc.de\/cms\/wp-content\/uploads\/2013\/04\/Plakat_Chart_Party-150x150.jpg 150w, https:\/\/redlight-pc.de\/cms\/wp-content\/uploads\/2013\/04\/Plakat_Chart_Party-45x45.jpg 45w, https:\/\/redlight-pc.de\/cms\/wp-content\/uploads\/2013\/04\/Plakat_Chart_Party-100x100.jpg 100w\" sizes=\"(max-width: 80px) 100vw, 80px\" \/><\/a>\n\t\t\t<\/dt>\n\t\t\t\t<dd class='wp-caption-text gallery-caption' id='gallery-1-718'>\n\t\t\t\tPlakat Chart Party\n\t\t\t\t<\/dd><\/dl><dl class='gallery-item'>\n\t\t\t<dt class='gallery-icon portrait'>\n\t\t\t\t<a href='https:\/\/redlight-pc.de\/cms\/wp-content\/uploads\/2013\/04\/Plakat_Huetten_Gaudi_2.jpg'><img loading=\"lazy\" decoding=\"async\" width=\"80\" height=\"80\" src=\"https:\/\/redlight-pc.de\/cms\/wp-content\/uploads\/2013\/04\/Plakat_Huetten_Gaudi_2-150x150.jpg\" class=\"attachment-thumbnail size-thumbnail\" alt=\"Plakat H\u00fctten Gaudi\" aria-describedby=\"gallery-1-719\" srcset=\"https:\/\/redlight-pc.de\/cms\/wp-content\/uploads\/2013\/04\/Plakat_Huetten_Gaudi_2-150x150.jpg 150w, https:\/\/redlight-pc.de\/cms\/wp-content\/uploads\/2013\/04\/Plakat_Huetten_Gaudi_2-45x45.jpg 45w, https:\/\/redlight-pc.de\/cms\/wp-content\/uploads\/2013\/04\/Plakat_Huetten_Gaudi_2-100x100.jpg 100w\" sizes=\"(max-width: 80px) 100vw, 80px\" \/><\/a>\n\t\t\t<\/dt>\n\t\t\t\t<dd class='wp-caption-text gallery-caption' id='gallery-1-719'>\n\t\t\t\tPlakat H\u00fctten Gaude\n\t\t\t\t<\/dd><\/dl><dl class='gallery-item'>\n\t\t\t<dt class='gallery-icon portrait'>\n\t\t\t\t<a href='https:\/\/redlight-pc.de\/cms\/wp-content\/uploads\/2013\/04\/Plakat_SF_Programm_BLK.jpg'><img loading=\"lazy\" decoding=\"async\" width=\"80\" height=\"80\" src=\"https:\/\/redlight-pc.de\/cms\/wp-content\/uploads\/2013\/04\/Plakat_SF_Programm_BLK-150x150.jpg\" class=\"attachment-thumbnail size-thumbnail\" alt=\"Plakat Sch\u00fctzenfest 2013 Programm\" aria-describedby=\"gallery-1-720\" srcset=\"https:\/\/redlight-pc.de\/cms\/wp-content\/uploads\/2013\/04\/Plakat_SF_Programm_BLK-150x150.jpg 150w, https:\/\/redlight-pc.de\/cms\/wp-content\/uploads\/2013\/04\/Plakat_SF_Programm_BLK-45x45.jpg 45w, https:\/\/redlight-pc.de\/cms\/wp-content\/uploads\/2013\/04\/Plakat_SF_Programm_BLK-100x100.jpg 100w\" sizes=\"(max-width: 80px) 100vw, 80px\" \/><\/a>\n\t\t\t<\/dt>\n\t\t\t\t<dd class='wp-caption-text gallery-caption' id='gallery-1-720'>\n\t\t\t\tPlakat Festprogramm\n\t\t\t\t<\/dd><\/dl><br style=\"clear: both\" \/>\n\t\t<\/div>\n\n","protected":false},"excerpt":{"rendered":"<p>In diesem Jahr geht der St. Sebastianus Sch\u00fctzenverein aus Biesfeld neue Wege: Freitags Abends gibt es die &#8222;Open Air Chart Party&#8220;, die Playback-Show am Samstag Abend der vergangenen Jahre weicht der &#8222;H\u00fctten Gaudi&#8220;, einer Feier im bayrischen Flair mit Blasmusik, Weissbier und guter Laune. Als Highlight gibt es zus\u00e4tzlich noch die Wahl zur &#8222;Miss Dirndl&#8220; [&hellip;]<\/p>\n","protected":false},"author":1,"featured_media":719,"comment_status":"closed","ping_status":"closed","sticky":false,"template":"","format":"standard","meta":{"jetpack_post_was_ever_published":false,"_jetpack_newsletter_access":"","_jetpack_newsletter_tier_id":0,"footnotes":"","jetpack_publicize_message":"","jetpack_is_tweetstorm":false,"jetpack_publicize_feature_enabled":true,"jetpack_social_post_already_shared":true,"jetpack_social_options":{"image_generator_settings":{"template":"highway","enabled":false}}},"categories":[1],"tags":[58,54,64,65,38,59,34,62,61,63,55,33,60,52,53,57,41,43,56,395],"jetpack_publicize_connections":[],"aioseo_notices":[],"jetpack_featured_media_url":"https:\/\/redlight-pc.de\/cms\/wp-content\/uploads\/2013\/04\/Plakat_Huetten_Gaudi_2.jpg","jetpack_shortlink":"https:\/\/wp.me\/p2NCds-bx","jetpack_sharing_enabled":true,"_links":{"self":[{"href":"https:\/\/redlight-pc.de\/cms\/wp-json\/wp\/v2\/posts\/715"}],"collection":[{"href":"https:\/\/redlight-pc.de\/cms\/wp-json\/wp\/v2\/posts"}],"about":[{"href":"https:\/\/redlight-pc.de\/cms\/wp-json\/wp\/v2\/types\/post"}],"author":[{"embeddable":true,"href":"https:\/\/redlight-pc.de\/cms\/wp-json\/wp\/v2\/users\/1"}],"replies":[{"embeddable":true,"href":"https:\/\/redlight-pc.de\/cms\/wp-json\/wp\/v2\/comments?post=715"}],"version-history":[{"count":10,"href":"https:\/\/redlight-pc.de\/cms\/wp-json\/wp\/v2\/posts\/715\/revisions"}],"predecessor-version":[{"id":730,"href":"https:\/\/redlight-pc.de\/cms\/wp-json\/wp\/v2\/posts\/715\/revisions\/730"}],"wp:featuredmedia":[{"embeddable":true,"href":"https:\/\/redlight-pc.de\/cms\/wp-json\/wp\/v2\/media\/719"}],"wp:attachment":[{"href":"https:\/\/redlight-pc.de\/cms\/wp-json\/wp\/v2\/media?parent=715"}],"wp:term":[{"taxonomy":"category","embeddable":true,"href":"https:\/\/redlight-pc.de\/cms\/wp-json\/wp\/v2\/categories?post=715"},{"taxonomy":"post_tag","embeddable":true,"href":"https:\/\/redlight-pc.de\/cms\/wp-json\/wp\/v2\/tags?post=715"}],"curies":[{"name":"wp","href":"https:\/\/api.w.org\/{rel}","templated":true}]}}